{"id":84,"date":"2015-01-21T21:55:51","date_gmt":"2015-01-21T19:55:51","guid":{"rendered":"https:\/\/ogrenentip.wordpress.com\/?p=84"},"modified":"2015-01-21T21:55:51","modified_gmt":"2015-01-21T19:55:51","slug":"2015-ve-sonrasinda-teknoloji-bize-neler-sunacak-1-internet-of-things","status":"publish","type":"post","link":"https:\/\/ogrenentip.com\/?p=84","title":{"rendered":"2015 ve sonras\u0131nda Teknoloji Bize Neler Sunacak? &#8211; 1 &#8211; Internet of Things"},"content":{"rendered":"<p>Bu blo\u011fu a\u00e7maktaki ama\u00e7lar\u0131mdan bir tanesi de ara\u015ft\u0131r\u0131p edindi\u011fim bilgileri buradan payla\u015fmakt\u0131, Teknoloji Meraklar\u0131m ba\u015fl\u0131\u011f\u0131n\u0131 bu payla\u015f\u0131mlar\u0131m i\u00e7in kullanaca\u011f\u0131m. Teknoloji tabi \u00e7ok geni\u015f bir ba\u015fl\u0131k ben burada benim ilgimi \u00e7ekenleri ele alaca\u011f\u0131m, de\u011finece\u011fim t\u00fcm konular kendi hayat\u0131mda da benim i\u00e7in \u00e7ok de\u011ferli merak etme, ara\u015ft\u0131rma ve \u00f6\u011frenme deneyimleri.<\/p>\n<p>Bu ba\u015fl\u0131kta ilk yaz\u0131m\u0131 olu\u015ftururken se\u00e7ecek o kadar \u00e7ok ba\u015fl\u0131k vard\u0131 ki karar vermekte zorland\u0131m, o s\u0131rada okudu\u011fum bir makale bana fikir verdi. Tek tek ele alacak \u00e7ok konu var, ancak hem y\u0131l\u0131n ilk ay\u0131nda\u00a0olmamam\u0131z hem de bir giri\u015f yaz\u0131s\u0131 olarak 2015 y\u0131l\u0131nda ve daha sonras\u0131nda teknoloji d\u00fcnyas\u0131ndan hayatlar\u0131m\u0131za nelerin yans\u0131yaca\u011f\u0131n\u0131 ele alan bir yaz\u0131n\u0131n uygun olabilece\u011fini d\u00fc\u015f\u00fcnd\u00fcm. Evet ba\u015fl\u0131\u011f\u0131mda yukar\u0131daki gibi \u201c2015 ve sonras\u0131nda Teknoloji Bize Neler Sunacak?\u201d \u015feklinde olu\u015ftu. S\u00f6z\u00fc uzatmadan ba\u015flayay\u0131m.<\/p>\n<p>Ba\u015flang\u0131\u00e7 olarak bu yaz\u0131 dizisinde ele alaca\u011f\u0131m ba\u015fl\u0131klar\u0131 s\u0131ralayay\u0131m, evet baz\u0131lar\u0131 \u015fimdiden hayat\u0131m\u0131za girdi bunlar\u0131n baz\u0131lar\u0131 \u00f6n\u00fcm\u00fczdeki y\u0131llarda g\u00fc\u00e7lerini ve yayg\u0131nl\u0131klar\u0131n\u0131 art\u0131r\u0131rken, baz\u0131lar\u0131 ile yeni kar\u015f\u0131la\u015faca\u011f\u0131z.<\/p>\n<p><strong>2015 y\u0131l\u0131 ve sonras\u0131nda Teknolojinin Bize Sunacaklar\u0131:\u00a0<\/strong><\/p>\n<ol>\n<li>Internet of Things \u2013 Akl\u0131n\u0131za gelen t\u00fcm ak\u0131ll\u0131 sistemler \u2013 ak\u0131ll\u0131 ev, araba vb.<\/li>\n<li>AI \u2013 Artificial Intelligence \u2013 Yapay Zek\u00e2 Uygulamlar\u0131<\/li>\n<li>3d Printing<\/li>\n<li>Mobil Cihazlar \/ Uygulamalar<\/li>\n<li>Cloud(Bulut) Servisleri<\/li>\n<li>Robotlar ve Dronelar<\/li>\n<li>Big Data<\/li>\n<li>Augmented Reality<\/li>\n<li>Kickstarter Crowdfunding Mant\u0131\u011f\u0131<\/li>\n<li>Giyilebilir Cihazlar<\/li>\n<\/ol>\n<p><strong>Internet of things (IoT)\u2013 Nesnelerin \u0130nterneti<\/strong><\/p>\n<p>\u0130lk ba\u015fl\u0131k asl\u0131nda her \u015feyi kaps\u0131yor denebilir, nedir bu IOT? Haydi ba\u015flayal\u0131m \ud83d\ude42<\/p>\n<p>Biz aletleri ke\u015ffettik, onlar\u0131 geli\u015ftirdik, kullanmakta ustala\u015ft\u0131k \u015fimdi de onlara kendi kendilerine bize g\u00f6re adapte olma imkan\u0131 veriyoruz.<\/p>\n<p>T\u00fcm cihazlar\u0131n internete ba\u011fland\u0131\u011f\u0131n\u0131, internete ba\u011fl\u0131 olan bu cihaz sistem vb. t\u00fcm nesnelerin kendi i\u00e7inde ve bizim ile ileti\u015fim sa\u011flayabildi\u011fini d\u00fc\u015f\u00fcnelim, d\u00fc\u015f\u00fcnelim diyorum ancak uzun s\u00fcredir d\u00fc\u015f\u00fcnmenin \u00f6tesine ge\u00e7tik art\u0131k bunu ya\u015f\u0131yoruz ve \u00f6n\u00fcm\u00fczdeki d\u00f6nemde de \u00e7ok daha fazla kar\u015f\u0131la\u015faca\u011f\u0131z.<\/p>\n<p>Tan\u0131m: IBMSocialMedia Youtube Kanal\u0131<\/p>\n<p>http:\/\/www.youtube.com\/watch?v=sfEbMV295Kk<\/p>\n<p>Tan\u0131mlardan, teknik tabirlerden uzak durarak \u00f6rnekler ile gidelim. Hepsi ile alakal\u0131 tan\u0131t\u0131c\u0131 videolar\u0131 da ekliyorum.<\/p>\n<p><strong>\u00d6\u011frenen Termostat<\/strong><\/p>\n<p>Evimizdeki \u0131s\u0131tma ve so\u011futma sisteminin tek bir noktadan kontrol edildi\u011fi, internete ba\u011fl\u0131 ve tekrarlanan uygulamalar ile \u00f6\u011frenme yetisine sahip olan bir termostat ilk IOT \u00f6rne\u011fimiz. Nest termostat i\u00e7indeki program sayesinde kullan\u0131m al\u0131\u015fkanl\u0131klar\u0131n\u0131z\u0131 \u00f6\u011freniyor. Ne zaman s\u0131cak ne zaman so\u011fuk, istedi\u011finizi, yatma, kalkma, eve gelme ve evden ayr\u0131lma saatlerinizi takip ediyor. Bunlardan edindi\u011fi bilgiler ile al\u0131\u015fkanl\u0131klar\u0131n\u0131z \u00f6\u011freniyor, bir s\u00fcre sonra buna g\u00f6re m\u00fcdahaleye gerek kalmadan \u0131s\u0131 kontrol\u00fcn\u00fc ele al\u0131yor en \u00f6nemli art\u0131lar\u0131ndan birisi de tasarruf etme mant\u0131\u011f\u0131 ile minimum enerji harcama ile maksimum konforu sunabilmesi. Tabi ki istedi\u011finiz anda ak\u0131ll\u0131 telefonunuz ile uzaktan m\u00fcdahale de etmek m\u00fcmk\u00fcn.<\/p>\n<p><a href=\"http:\/\/iframewidth=640height=360src=\/\/www.youtube.com\/embed\/L8TkhHgkBsg?feature=player_detailpageframeborder=0allowfullscreen\/iframe\">[youtube https:\/\/www.youtube.com\/watch?v=L8TkhHgkBsg?feature=player_detailpage]<\/a><\/p>\n<p><a href=\"https:\/\/nest.com\/\">https:\/\/nest.com\/<\/a><\/p>\n<p><strong>Ak\u0131ll\u0131 Bisiklet Gidonlar\u0131 \u2013 Evet do\u011fru duydunuz <\/strong><strong>J &#8211; SmartGrips<\/strong><\/p>\n<p>Pek \u00e7ok IOT haberi i\u00e7inde bunu duymu\u015f olma ihtimaliniz \u00e7ok d\u00fc\u015f\u00fck. \u0130ndiegogo sitesinde bir proje olarak sunulan SmartGrips \u2013 bisikletinizi IOT ile donat\u0131yor. Bisikletinizin gidon tutma yerlerine yerle\u015ftirdi\u011finiz kollar sayesinde, bisikletiniz internete ve dolay\u0131s\u0131yla size ba\u011flan\u0131yor. Neler sa\u011fl\u0131yor derseniz? Ger\u00e7ekten ilgin\u00e7 \u00f6zellikleri var. Art\u0131k bisikletinizin kaybolmas\u0131 \u00e7ok daha zor, zira nereye b\u0131rak\u0131rsan\u0131z b\u0131rak\u0131n unutsan\u0131z dahi telefonunuzdaki uygulama sayesinde onu bulman\u0131z \u00e7ok kolay. Tabi ki \u00e7al\u0131nmaya kar\u015f\u0131 da \u00f6nemli bir art\u0131 bu. Daha ilgin\u00e7 ve benim de ilgimi \u00e7eken \u00f6zellik ile bisiklet kullan\u0131m\u0131n\u0131za navigasyon \u00f6zelliklerini katan titre\u015fimli uyar\u0131lar. Telefonunuza girdi\u011finiz destinasyona g\u00f6re ak\u0131ll\u0131 kollar sizi titre\u015fim ile y\u00f6nlendiriyor, ayn\u0131 bir navigasyon cihaz\u0131n\u0131n sol sa\u011f demesi gibi titre\u015fim ile d\u00f6nece\u011finiz yeri size bildiren SmartGrips bu anlamda yeni bir d\u00f6nemi ba\u015flatacak gibi g\u00f6r\u00fcn\u00fcyor. B\u00f6ylece yoldan hi\u00e7 g\u00f6zlerinize ay\u0131rman\u0131za gerek kalm\u0131yor. Daha da fazlas\u0131n\u0131 sunmak i\u00e7in projenin sa\u011flayaca\u011f\u0131 deste\u011fi g\u00f6rmek isteyen tasar\u0131mc\u0131lar\u0131n bir sonraki hedefi de cihaz\u0131 bir acil durum kitine d\u00f6n\u00fc\u015ft\u00fcrmek \u00f6rne\u011fin e\u011fer bisiklet ile bir kaza ge\u00e7irirseniz cihaz bunu \u00e7arpma \u015fiddeti, pozisyon vb. veriler ile anlay\u0131p acil durum numaralar\u0131na veya daha \u00f6nceden tan\u0131ml\u0131 telefonlara haber verebilecek konum bilgisi iletebilecek. \u0130nan\u0131lmaz gibi g\u00f6r\u00fcn\u00fcyor de\u011fil mi? Destek olmak ve \u00fcr\u00fcnden edinmek i\u00e7in proje sayfas\u0131:<\/p>\n<p><a href=\"https:\/\/www.indiegogo.com\/projects\/smrtgrips-world-s-first-connected-bike-grips\">https:\/\/www.indiegogo.com\/projects\/smrtgrips-world-s-first-connected-bike-grips<\/a><\/p>\n<p><strong>Ak\u0131ll\u0131 Valiz \u2013 Bluesmart<\/strong><\/p>\n<p>Seyahatler s\u0131ras\u0131nda kaybolan valizlerin ve sonras\u0131nda ya\u015fanan \u00e7ilenin hikayelerini hep duyar\u0131z. \u0130\u015fte Bluesmart bize IOT mant\u0131\u011f\u0131nda \u00e7ok daha fazlas\u0131n\u0131 sunuyor. Ak\u0131ll\u0131 valiz diyebilece\u011fimiz bu teknoloji valizi internete ba\u011fl\u0131yor bu da pek \u00e7ok imkan sa\u011fl\u0131yor. K\u0131saca valizin a\u011f\u0131rl\u0131\u011f\u0131n\u0131 \u00f6l\u00e7\u00fcp size bildiriyor, valizi telefondan kilitleme veya a\u00e7ma imkan\u0131 tan\u0131yor, e\u011fer valiz sizden (daha do\u011frusu telefonunuzdan) belli bir mesafe uzakla\u015f\u0131rsa kendini otomatik kilitliyor, i\u00e7inde bulunan y\u00fcksek kapasiteli pili ile g\u00fc\u00e7l\u00fc bir \u015farj istasyonu olarak size mobil cihazlar\u0131n\u0131z\u0131 \u015farj etme imkan\u0131 tan\u0131yor ve son olarak valiziniz nereye giderse onu harita \u00fczerinden takip edebiliyorsunuz.<\/p>\n<p>D\u00fc\u015f\u00fcn\u00fcyorum da \u015fu ilk valizden bu yana asl\u0131nda uzun s\u00fcredir pek de de\u011fi\u015fim olmuyordu Bluesmart ile baya\u011f\u0131 bir ilerleme olacak gibi g\u00f6r\u00fcn\u00fcyor. Daha fazla bilgi ve kampanya deste\u011fi i\u00e7in a\u015fa\u011f\u0131daki linki kullanabilirsiniz.<\/p>\n<p><a href=\"https:\/\/www.indiegogo.com\/projects\/bluesmart-world-s-first-smart-connected-carry-on\">https:\/\/www.indiegogo.com\/projects\/bluesmart-world-s-first-smart-connected-carry-on<\/a><\/p>\n<p><strong>Ak\u0131ll\u0131 Yemek Yap\u0131c\u0131 &#8211; Annova Sous Vide<\/strong><\/p>\n<p>Tabi ki yemek d\u00fcnyas\u0131nda da IOT uygulamalar\u0131 var. Pek \u00e7ok \u00f6rnek i\u00e7erisinden benim dikkatimi, yemek yapmaya da biraz ilgim olmas\u0131 ile farkl\u0131 bir pi\u015firme y\u00f6ntemi sunan bir \u00fcr\u00fcn \u00e7ekti. Asl\u0131nda \u201csous vide\u201d bir pi\u015firme y\u00f6ntemi k\u0131saca vakumda(vakum \u015fart de\u011fil \u0131s\u0131ya uygun bir torba da olabilir) \u0131s\u0131tma y\u00f6ntemi ile suda pi\u015firme denilebilir.<\/p>\n<p>(wikipediadan daha ayr\u0131nt\u0131l\u0131 bilgi almak i\u00e7in <a href=\"http:\/\/tr.wikipedia.org\/wiki\/Vakumda_pi%C5%9Firme\">http:\/\/tr.wikipedia.org\/wiki\/Vakumda_pi%C5%9Firme<\/a>)<\/p>\n<p>\u00dclkemizde al\u0131\u015f\u0131lm\u0131\u015f bir y\u00f6ntem olmasa da bu pi\u015firme \u015fekli ile \u0131s\u0131ya dayan\u0131kl\u0131 torbalarda uzun s\u00fcrede su i\u00e7inde \u0131s\u0131t\u0131larak pi\u015firilen g\u0131da t\u00fcm ya\u011f\u0131, suyu, baharatlar\u0131 vb. Hi\u00e7 kaybetmeden pi\u015fti\u011fi i\u00e7in \u00e7ok daha lezzetli oluyor bilgisi var tabi denemek laz\u0131m J<\/p>\n<p>Bu noktada sunulan \u00fcr\u00fcn bu pi\u015firme \u015feklini ak\u0131ll\u0131 bir \u015fekilde y\u00f6netiyor, yapt\u0131\u011f\u0131 pi\u015firilecek \u00fcr\u00fcne g\u00f6re tan\u0131mlanm\u0131\u015f s\u00fcreleri \u00f6l\u00e7mek ve canl\u0131 bir \u015fekilde telefondaki uygulama ile size durumu bildirmek, size kalan istedi\u011finiz yeme\u011fi se\u00e7ip cihaz\u0131n s\u00fcreci tamamlamas\u0131n\u0131 beklemek oluyor. Afiyet olsun\u2026<\/p>\n<p><a href=\"http:\/\/anovaculinary.com\/\">http:\/\/anovaculinary.com\/<\/a><\/p>\n<p><iframe loading=\"lazy\" title=\"Anova&#039;s sous vide solution is well done\" width=\"660\" height=\"371\" src=\"https:\/\/www.youtube.com\/embed\/H8uW0QGJb-c?feature=oembed\" frameborder=\"0\" allow=\"accelerometer; autoplay; clipboard-write; encrypted-media; gyroscope; picture-in-picture; web-share\" referrerpolicy=\"strict-origin-when-cross-origin\" allowfullscreen><\/iframe><\/p>\n<p><strong>Ak\u0131ll\u0131 C\u00fczdan \u2013 Aviador Tracker<\/strong><\/p>\n<p>D\u00fc\u015f\u00fcnd\u00fc\u011f\u00fcm zaman bir c\u00fczdan\u0131 ak\u0131ll\u0131 yapmak en \u201cak\u0131ll\u0131ca\u201d \u015fey gibi geliyor, zira pek \u00e7ok insan i\u00e7in onun \u00e7al\u0131nmas\u0131 veya i\u00e7indekiler b\u00fcy\u00fck \u00f6nem ta\u015f\u0131yor. \u0130\u015fte Aviador Tracker C\u00fczdan da i\u00e7indeki teknoloji ile bize internet \u00fczerinden ula\u015f\u0131lan ve \u00e7al\u0131nsa dahi izini s\u00fcrme imkan\u0131 tan\u0131yan bir IOT \u00fcr\u00fcn\u00fc.<\/p>\n<p><a href=\"https:\/\/www.indiegogo.com\/projects\/aviador-tracker-wallet--2\">https:\/\/www.indiegogo.com\/projects\/aviador-tracker-wallet&#8211;2<\/a><\/p>\n<p><strong>Ak\u0131ll\u0131 y\u00fcz\u00fck \u2013 MOTA Smartring<\/strong><\/p>\n<p>Yine bir proje temelli giri\u015fim olan ak\u0131ll\u0131 y\u00fcz\u00fck \u00e7al\u0131\u015fmas\u0131 da g\u00fczel bir IOT \u00f6rne\u011fi, \u00e7ok basit bir mant\u0131kla i\u015fliyor ve bu anlamda ta\u015f\u0131nabilirlik anlam\u0131nda rakipsiz. Bluetooth ile mobil cihaz\u0131n\u0131za ba\u011flanan y\u00fcz\u00fck ekran\u0131 sayesinde t\u00fcm bildirimleri (e-mail, arayanlar, mesajlar vb. ) size ula\u015ft\u0131r\u0131yor. Dokunmatik ekran\u0131 ile bildirim ayr\u0131nt\u0131lar\u0131na da ula\u015f\u0131m imkan\u0131 tan\u0131yor. Bu noktada \u00fcr\u00fcn\u00fcn yan\u0131n\u0131zda zaten telefon varken gereklili\u011fi ile alakal\u0131 sorular da akl\u0131ma gelmiyor de\u011fil J ancak i\u00e7ine s\u0131\u011fd\u0131r\u0131lan teknoloji ve \u00f6zellikle giyilebilir teknoloji alan\u0131nda ba\u015flang\u0131\u00e7 \u00fcr\u00fcnlerinden birisi olarak ilgin\u00e7 bir \u00fcr\u00fcn.<\/p>\n<p><a href=\"https:\/\/www.indiegogo.com\/projects\/mota-smartring-connectivity-at-your-fingertips\">https:\/\/www.indiegogo.com\/projects\/mota-smartring-connectivity-at-your-fingertips<\/a><\/p>\n<p><strong>S\u00fcr\u00fcc\u00fcs\u00fcz Otomobiller \u2013 Autonomus Driving Cars <\/strong><\/p>\n<p>Uzun s\u00fcredir iki ilgi alan\u0131m\u0131n kesi\u015fim noktas\u0131 olan S\u00fcr\u00fcc\u00fcs\u00fcz Otomobiller konusu hakk\u0131nda yaz\u0131lar okuyorum, IOT anlam\u0131nda yola uzun s\u00fcre \u00f6nce ba\u015flayan bu teknoloji \u015fu s\u0131ralarda geli\u015fiminin son noktas\u0131na ula\u015ft\u0131. \u00d6zellikle <a href=\"http:\/\/www.cesweb.org\/\">CES 2015<\/a> organizasyonunda \u00e7ok\u00e7a g\u00fcndeme gelen bu S\u00fcr\u00fcc\u00fcs\u00fcz Otomobiller 2015\u2019e damga vurmaya haz\u0131r gibiler. A\u015fa\u011f\u0131daki \u00f6rneklerden bunu g\u00f6rebilirsiniz. Ancak bunlara ge\u00e7meden \u00f6nce konsepte biraz de\u011fineyim.<\/p>\n<p>\u00c7o\u011fumuzun haberlerde duymu\u015f olaca\u011f\u0131 Google S\u00fcr\u00fcc\u00fcs\u00fcz Otomobilleri bu anlamda en me\u015fhur olanlar ve teknolojinin de temellerini atanlardan. Bu teknoloji interneti, gps altyap\u0131s\u0131n\u0131, ara\u00e7 i\u00e7i ve d\u0131\u015f\u0131 alg\u0131lay\u0131c\u0131lar\u0131 ve radar teknolojisini kullanarak herhangi bir s\u00fcr\u00fcc\u00fc m\u00fcdahalesine ihtiya\u00e7 duymadan ilerleyebilen ve s\u00fcr\u00fcc\u00fc kullan\u0131m\u0131ndaki t\u00fcm hareketleri yapabilen otomobillere verilen isim. Konu hakk\u0131nda \u00f6zellikle Amerika\u2019da tart\u0131\u015fmalar halen devam etse de bu teknolojiyi ilerleyen y\u0131llarda yayg\u0131n olarak g\u00f6rece\u011fiz. Tart\u0131\u015fma neyle mi ilgili? K\u0131saca bilgi vereyim, \u00f6rne\u011fin bir s\u00fcr\u00fcc\u00fcs\u00fcz otomobil kaza yaparsa ne olacak, sahibi mi, yaz\u0131l\u0131m\u0131 veya donan\u0131m\u0131 sa\u011flayan taraf m\u0131 sorumlu olacak? \u0130lgin\u00e7 de\u011fil mi? Bizi bekleyenler hakk\u0131nda zihinlerimizi zorlayacak daha \u00e7ok soru ile kar\u015f\u0131la\u015faca\u011f\u0131m\u0131z kesin.<\/p>\n<p><strong>\u0130\u015fin erbab\u0131 ile ba\u015flayal\u0131m \u2013 Google <\/strong><\/p>\n<p>Asl\u0131nda s\u00f6yleyecek \u00e7ok \u015fey yok\u2026 Tek akl\u0131ma gelen ilerleyen \u00f6rneklere g\u00f6re Google otomobilinin \u00e7ok farkl\u0131 bir tasar\u0131m\u0131 sahip oldu\u011fu, bir otomobil oldu\u011funu s\u00f6ylemek zor ama insanlara hissettirdikleri y\u00fczlerinden anla\u015f\u0131l\u0131yor \ud83d\ude42<\/p>\n<p><iframe loading=\"lazy\" title=\"A First Drive\" width=\"660\" height=\"371\" src=\"https:\/\/www.youtube.com\/embed\/CqSDWoAhvLU?feature=oembed\" frameborder=\"0\" allow=\"accelerometer; autoplay; clipboard-write; encrypted-media; gyroscope; picture-in-picture; web-share\" referrerpolicy=\"strict-origin-when-cross-origin\" allowfullscreen><\/iframe><\/p>\n<p><strong>Kol Saati ile Araba Park Etmek mi dediniz? Evet <\/strong><strong>J<\/strong><\/p>\n<p>BMW bir otomobil markas\u0131 olarak prestij ve sportiflik ifade eden bir marka ve teknolojiyi de hep en \u00f6nde takip eden bir imaja sahip. S\u00fcr\u00fcc\u00fcs\u00fcz Otomobiller konusunda da \u00e7al\u0131\u015fmalar\u0131na devam eden marka CES 2015 organizasyonunda \u201d\u0130\u201c ailesine mensup \u01303 modeli ile kendi kendine park eden arac\u0131n\u0131 tan\u0131tt\u0131. Kendi kendine park yeni bir \u015fey de\u011fil tabi ki ancak BMW \u01303 de bu durum seri \u00fcretim bir ara\u00e7ta daha ilerilere ta\u015f\u0131nm\u0131\u015f durumda ak\u0131ll\u0131 saatiniz ile arac\u0131 kontrol edebiliyorsunuz ve Google otomobilindeki kadar olmasa da \u01303 size s\u00fcr\u00fcc\u00fcs\u00fcz hareket alg\u0131s\u0131n\u0131n ilk \u00f6rne\u011fini ya\u015fatmakta hi\u00e7 zorlanm\u0131yor. Ayr\u0131ca i\u00e7inde bulunan yak\u0131nla\u015fma ve kaza \u00f6nleme sistemleri sayesinde a\u015fa\u011f\u0131daki videoda bir yere \u00e7arpmak i\u00e7in u\u011fra\u015fan bir s\u00fcr\u00fcc\u00fcy\u00fc bile durdurabiliyor.<\/p>\n<p><iframe loading=\"lazy\" title=\"Trying to crash in a self-parking BMW \u2014 CES 2015\" width=\"660\" height=\"371\" src=\"https:\/\/www.youtube.com\/embed\/rwyVkvBy0Wg?feature=oembed\" frameborder=\"0\" allow=\"accelerometer; autoplay; clipboard-write; encrypted-media; gyroscope; picture-in-picture; web-share\" referrerpolicy=\"strict-origin-when-cross-origin\" allowfullscreen><\/iframe><\/p>\n<p><strong>Mercedes S\u00fcr\u00fcc\u00fcs\u00fcz Sinema Salonu \u2013 Do\u011fru Duydunuz <\/strong><\/p>\n<p>CES 2015 de s\u00fcr\u00fcc\u00fcs\u00fcz otomobil konusunu \u00e7ok ileriye ta\u015f\u0131yan bir marka da Mercedes\u2019ti. F 015 Konsept modelini tan\u0131tan Mercedes, s\u00fcrc\u00fcs\u00fcz bir otomobilin bize neler sunaca\u011f\u0131n\u0131 ve yolcuklar\u0131n ne hale gelebilece\u011fini g\u00f6stermekte \u00e7ok ba\u015far\u0131l\u0131. \u0130stanbul gibi trafi\u011fi ile me\u015fhur bir kentte ya\u015fayan biri olarak bu g\u00fcnlerin \u00e7abucak gelmesini ve trafikteki s\u00fcrenin evde ge\u00e7en s\u00fcreden farks\u0131z olmas\u0131n\u0131 d\u00f6rt g\u00f6zle bekliyorum.<\/p>\n<p>Otomobil \u2013 tabi ne kadar hala bu \u015fekilde hitap edebiliriz bilmiyorum \u2013 tamamen kendi kendine ilerleme ve s\u00fcr\u00fcc\u00fcn\u00fcn komutlar\u0131na g\u00f6re adapte olma \u00f6zelli\u011fine sahip, ayr\u0131ca i\u00e7 dizayn\u0131 dokunmatik ekranlar ile bir sinema salonunu and\u0131r\u0131yor, i\u00e7 mekan \u00e7ok geni\u015f ve art\u0131k kar\u015f\u0131l\u0131kl\u0131 oturmak da m\u00fcmk\u00fcn zaten yola bakmaya da gerek yok\u2026<\/p>\n<p>http:\/\/www.youtube.com\/watch?v=GAz42C5Vvt8<\/p>\n<p><strong>Peki Ya Yar\u0131\u015f Pistine S\u00fcr\u00fcc\u00fcs\u00fcz Bir Otomobil \u00c7\u0131karsa Ne Olur? AUD\u0130 RS7 <\/strong><\/p>\n<p>Audi\u2019nin bu yar\u0131\u015fta geride kalmayaca\u011f\u0131n\u0131 da herkes tahmin etmi\u015ftir. Hem de s\u00fcr\u00fcc\u00fcs\u00fcz konsepte farkl\u0131 bir alandan yakla\u015f\u0131yor ve efsane yar\u0131\u015f\u00e7\u0131 seri \u00fcretim ara\u00e7lar\u0131ndan RS serisinin bir \u00fcyesini yar\u0131\u015f pistinde s\u00fcr\u00fcc\u00fcs\u00fcz s\u00fcrme cesaretini sergiliyor. Tam olarak yukar\u0131daki \u00f6rnekler gibi olmasa da bu da s\u00fcr\u00fcc\u00fcs\u00fcz bir otomobilin muhtemel yeteneklerini g\u00f6rmek i\u00e7in g\u00fczel bir \u00e7al\u0131\u015fma J tabi ki o h\u0131zlarda bir pistte insan etkisini olmadan bug\u00fcn gidebilen bir otomobil g\u00fcn\u00fc geldi\u011finde yeterli yetileri geli\u015fti\u011finde neler yapar d\u00fc\u015f\u00fcnmek zor bir de insan hatas\u0131n\u0131n i\u015fin i\u00e7inde olmad\u0131\u011f\u0131 ve insan fiziki dayan\u0131kl\u0131l\u0131\u011f\u0131n\u0131n olmad\u0131\u011f\u0131 bir yar\u0131\u015f otomobili ne yapar oras\u0131 da tam bir macera olacakt\u0131r J<\/p>\n<p><iframe loading=\"lazy\" title=\"Audi&#039;s Self-Driving RS 7\" width=\"660\" height=\"495\" src=\"https:\/\/www.youtube.com\/embed\/h6HT7eRTHig?feature=oembed\" frameborder=\"0\" allow=\"accelerometer; autoplay; clipboard-write; encrypted-media; gyroscope; picture-in-picture; web-share\" referrerpolicy=\"strict-origin-when-cross-origin\" allowfullscreen><\/iframe><\/p>\n<p>Pikes Peak T\u0131rman\u0131\u015f Yar\u0131\u015flar\u0131nda bir \u00f6nceki y\u0131l sergilenen s\u00fcr\u00fcc\u00fcs\u00fcz otomobil AUD\u0130 TT \u015fovu da izlemeye de\u011fer:<\/p>\n<p><iframe loading=\"lazy\" title=\"Autonomous Audi TT Pikes Peak Self-Driving Test Car\" width=\"660\" height=\"371\" src=\"https:\/\/www.youtube.com\/embed\/IFwIlflmk2Y?feature=oembed\" frameborder=\"0\" allow=\"accelerometer; autoplay; clipboard-write; encrypted-media; gyroscope; picture-in-picture; web-share\" referrerpolicy=\"strict-origin-when-cross-origin\" allowfullscreen><\/iframe><\/p>\n<p>Ayn\u0131 arac\u0131n CES 2015 organizasyonunda Audi RS7 son kullan\u0131c\u0131y\u0131 hedefleyen konsept modelini de a\u015fa\u011f\u0131dan g\u00f6rebilirsiniz, \u015fehir i\u00e7inde de test edilmi\u015f \u00f6rnekleri g\u00f6r\u00fclebiliyor.<\/p>\n<p><iframe loading=\"lazy\" title=\"Audi A7 Self Driving Car Interview - CES 2015\" width=\"660\" height=\"371\" src=\"https:\/\/www.youtube.com\/embed\/eea7IlCEzso?feature=oembed\" frameborder=\"0\" allow=\"accelerometer; autoplay; clipboard-write; encrypted-media; gyroscope; picture-in-picture; web-share\" referrerpolicy=\"strict-origin-when-cross-origin\" allowfullscreen><\/iframe><\/p>\n<p>Son olarak yine Audi\u2019den kendi kendine park konusunda en iyi video:<\/p>\n<p><iframe loading=\"lazy\" title=\"Audi A7: Auto Pilot Car of the Future | WIRED 2012 | WIRED\" width=\"660\" height=\"371\" src=\"https:\/\/www.youtube.com\/embed\/YEn9bQkBXkE?feature=oembed\" frameborder=\"0\" allow=\"accelerometer; autoplay; clipboard-write; encrypted-media; gyroscope; picture-in-picture; web-share\" referrerpolicy=\"strict-origin-when-cross-origin\" allowfullscreen><\/iframe><\/p>\n","protected":false},"excerpt":{"rendered":"<p>Bu blo\u011fu a\u00e7maktaki ama\u00e7lar\u0131mdan bir tanesi de ara\u015ft\u0131r\u0131p edindi\u011fim bilgileri buradan payla\u015fmakt\u0131, Teknoloji Meraklar\u0131m ba\u015fl\u0131\u011f\u0131n\u0131 bu payla\u015f\u0131mlar\u0131m i\u00e7in kullanaca\u011f\u0131m. Teknoloji tabi \u00e7ok geni\u015f bir ba\u015fl\u0131k ben burada benim ilgimi \u00e7ekenleri ele alaca\u011f\u0131m, de\u011finece\u011fim t\u00fcm konular kendi hayat\u0131mda da benim i\u00e7in \u00e7ok de\u011ferli merak etme, ara\u015ft\u0131rma ve \u00f6\u011frenme deneyimleri. Bu ba\u015fl\u0131kta ilk yaz\u0131m\u0131 olu\u015ftururken se\u00e7ecek o &hellip; <a href=\"https:\/\/ogrenentip.com\/?p=84\" class=\"more-link\">Okumaya devam et <span class=\"screen-reader-text\">2015 ve sonras\u0131nda Teknoloji Bize Neler Sunacak? &#8211; 1 &#8211; Internet of Things<\/span><\/a><\/p>\n","protected":false},"author":2,"featured_media":85,"comment_status":"open","ping_status":"open","sticky":false,"template":"","format":"standard","meta":{"footnotes":""},"categories":[4],"tags":[10,14,16,18,21],"class_list":["post-84","post","type-post","status-publish","format-standard","has-post-thumbnail","hentry","category-teknoloji-meraklarim","tag-akilli","tag-internet-of-things","tag-nesne","tag-surucusuz","tag-teknoloji"],"_links":{"self":[{"href":"https:\/\/ogrenentip.com\/index.php?rest_route=\/wp\/v2\/posts\/84","targetHints":{"allow":["GET"]}}],"collection":[{"href":"https:\/\/ogrenentip.com\/index.php?rest_route=\/wp\/v2\/posts"}],"about":[{"href":"https:\/\/ogrenentip.com\/index.php?rest_route=\/wp\/v2\/types\/post"}],"author":[{"embeddable":true,"href":"https:\/\/ogrenentip.com\/index.php?rest_route=\/wp\/v2\/users\/2"}],"replies":[{"embeddable":true,"href":"https:\/\/ogrenentip.com\/index.php?rest_route=%2Fwp%2Fv2%2Fcomments&post=84"}],"version-history":[{"count":0,"href":"https:\/\/ogrenentip.com\/index.php?rest_route=\/wp\/v2\/posts\/84\/revisions"}],"wp:featuredmedia":[{"embeddable":true,"href":"https:\/\/ogrenentip.com\/index.php?rest_route=\/wp\/v2\/media\/85"}],"wp:attachment":[{"href":"https:\/\/ogrenentip.com\/index.php?rest_route=%2Fwp%2Fv2%2Fmedia&parent=84"}],"wp:term":[{"taxonomy":"category","embeddable":true,"href":"https:\/\/ogrenentip.com\/index.php?rest_route=%2Fwp%2Fv2%2Fcategories&post=84"},{"taxonomy":"post_tag","embeddable":true,"href":"https:\/\/ogrenentip.com\/index.php?rest_route=%2Fwp%2Fv2%2Ftags&post=84"}],"curies":[{"name":"wp","href":"https:\/\/api.w.org\/{rel}","templated":true}]}}