{"id":353,"date":"2022-11-22T08:27:54","date_gmt":"2022-11-22T08:27:54","guid":{"rendered":"https:\/\/ogrenentip.com\/?p=353"},"modified":"2022-11-22T08:27:54","modified_gmt":"2022-11-22T08:27:54","slug":"haftalik-ogrenme-listesi-21-25-kasim","status":"publish","type":"post","link":"https:\/\/ogrenentip.com\/?p=353","title":{"rendered":"Haftal\u0131k \u00d6\u011frenme Listesi \/ 21 &#8211; 25 Kas\u0131m"},"content":{"rendered":"\n<p class=\"wp-block-paragraph\">Haftal\u0131k olarak zaman yarat\u0131p izlenebilirse \u00f6\u011frenme f\u0131rsat\u0131 sa\u011flayaca\u011f\u0131n\u0131 d\u00fc\u015f\u00fcnd\u00fc\u011f\u00fcm i\u00e7erikleri sayfamda payla\u015f\u0131yorum.<\/p>\n\n\n\n<h2 class=\"wp-block-heading\"><strong>1981 \u2013 Steve Jobs \u2013 \u201cPC: 21.Y\u00fczy\u0131l Bisikleti\u201d<\/strong><\/h2>\n\n\n\n<p class=\"wp-block-paragraph\">Bu hafta Steve Jobs\u2019un \u00e7e\u015fitli videolar\u0131n\u0131 payla\u015fmak istedim. \u0130lki benim do\u011fdu\u011fum y\u0131lda \u00e7ekilmi\u015f bir r\u00f6portaj, vizyonerli\u011fine, kendine g\u00fcvenine ve analojiler ile konuyu a\u00e7\u0131klama g\u00fcc\u00fcne inanmak ger\u00e7ekten zor. <\/p>\n\n\n\n<p class=\"wp-block-paragraph\"><strong>Video s\u00fcresi \u2013 19:39<\/strong><\/p>\n\n\n\n<figure class=\"wp-block-embed is-type-video is-provider-youtube wp-block-embed-youtube wp-embed-aspect-4-3 wp-has-aspect-ratio\"><div class=\"wp-block-embed__wrapper\">\n<iframe loading=\"lazy\" title=\"Steve Jobs Interview - 2\/18\/1981\" width=\"660\" height=\"495\" src=\"https:\/\/www.youtube.com\/embed\/DbfejwP1d3c?list=PLOkazx1P1BMsxPy_a_oho2VpxOk45TlM5\" frameborder=\"0\" allow=\"accelerometer; autoplay; clipboard-write; encrypted-media; gyroscope; picture-in-picture; web-share\" referrerpolicy=\"strict-origin-when-cross-origin\" allowfullscreen><\/iframe>\n<\/div><\/figure>\n\n\n\n<p class=\"wp-block-paragraph\"><\/p>\n\n\n\n<h2 class=\"wp-block-heading\"><strong>Steve Jobs 1992 y\u0131l\u0131nda MIT\u2019de kat\u0131ld\u0131\u011f\u0131 bir oturumda bir \u00f6\u011frencinin sorusunu yan\u0131tl\u0131yor\u2026<\/strong><\/h2>\n\n\n\n<p class=\"wp-block-paragraph\">Steve Jobs\u2019un bu cevab\u0131 \u00e7ok etkileyici, daha da \u00f6nemlisi d\u00fc\u015f\u00fcnmek i\u00e7in kendine zaman tan\u0131mas\u0131, ne kadar \u00fcnl\u00fc olursa olsun \u00fczerinde bask\u0131 hissetmeden ve lay\u0131k\u0131yla yan\u0131t verme \u00e7abas\u0131 beni \u00e7ok etkiledi, hepimizin ihtiyac\u0131 olan bir \u00f6zellik diye d\u00fc\u015f\u00fcn\u00fcyorum.<\/p>\n\n\n\n<p class=\"wp-block-paragraph\"><strong>Video s\u00fcresi \u2013 1:34<\/strong><\/p>\n\n\n\n<figure class=\"wp-block-embed is-type-video is-provider-youtube wp-block-embed-youtube wp-embed-aspect-16-9 wp-has-aspect-ratio\"><div class=\"wp-block-embed__wrapper\">\n<iframe loading=\"lazy\" title=\"Steve Jobs @ MIT 1992 - &quot;What&#039;s the most important thing that you personally learned at Apple...?&quot;\" width=\"660\" height=\"371\" src=\"https:\/\/www.youtube.com\/embed\/1lEnMmH9qh4?feature=oembed\" frameborder=\"0\" allow=\"accelerometer; autoplay; clipboard-write; encrypted-media; gyroscope; picture-in-picture; web-share\" referrerpolicy=\"strict-origin-when-cross-origin\" allowfullscreen><\/iframe>\n<\/div><\/figure>\n\n\n\n<p class=\"wp-block-paragraph\"><\/p>\n\n\n\n<h2 class=\"wp-block-heading\"><strong>K\u0131sa bir Steve Jobs Hikayesi<\/strong><\/h2>\n\n\n\n<p class=\"wp-block-paragraph\">Son olarak, Steve Jobs&#8217;un hikayesini aktaran bir video, her \u015feyi bir arada g\u00f6rmek isteyenler i\u00e7in<strong>.<\/strong><\/p>\n\n\n\n<p class=\"wp-block-paragraph\"><strong>&nbsp;Video s\u00fcresi \u2013 25:47<\/strong><\/p>\n\n\n\n<figure class=\"wp-block-embed is-type-video is-provider-youtube wp-block-embed-youtube wp-embed-aspect-16-9 wp-has-aspect-ratio\"><div class=\"wp-block-embed__wrapper\">\n<iframe loading=\"lazy\" title=\"Steve Jobs: How a Dreamer Changed the World\" width=\"660\" height=\"371\" src=\"https:\/\/www.youtube.com\/embed\/5fI3zz2cp3k?feature=oembed\" frameborder=\"0\" allow=\"accelerometer; autoplay; clipboard-write; encrypted-media; gyroscope; picture-in-picture; web-share\" referrerpolicy=\"strict-origin-when-cross-origin\" allowfullscreen><\/iframe>\n<\/div><\/figure>\n\n\n\n<p class=\"wp-block-paragraph\"><\/p>\n\n\n\n<p class=\"wp-block-paragraph\"><a href=\"https:\/\/www.freepik.com\/psd\/device-mockup\">Device mockup psd created by rawpixel.com &#8211; www.freepik.com<\/a><\/p>\n","protected":false},"excerpt":{"rendered":"<p>Haftal\u0131k olarak zaman yarat\u0131p izlenebilirse \u00f6\u011frenme f\u0131rsat\u0131 sa\u011flayaca\u011f\u0131n\u0131 d\u00fc\u015f\u00fcnd\u00fc\u011f\u00fcm i\u00e7erikleri sayfamda payla\u015f\u0131yorum. 1981 \u2013 Steve Jobs \u2013 \u201cPC: 21.Y\u00fczy\u0131l Bisikleti\u201d Bu hafta Steve Jobs\u2019un \u00e7e\u015fitli videolar\u0131n\u0131 payla\u015fmak istedim. \u0130lki benim do\u011fdu\u011fum y\u0131lda \u00e7ekilmi\u015f bir r\u00f6portaj, vizyonerli\u011fine, kendine g\u00fcvenine ve analojiler ile konuyu a\u00e7\u0131klama g\u00fcc\u00fcne inanmak ger\u00e7ekten zor. Video s\u00fcresi \u2013 19:39 Steve Jobs 1992 y\u0131l\u0131nda &hellip; <a href=\"https:\/\/ogrenentip.com\/?p=353\" class=\"more-link\">Okumaya devam et <span class=\"screen-reader-text\">Haftal\u0131k \u00d6\u011frenme Listesi \/ 21 &#8211; 25 Kas\u0131m<\/span><\/a><\/p>\n","protected":false},"author":1,"featured_media":356,"comment_status":"open","ping_status":"open","sticky":true,"template":"","format":"standard","meta":{"footnotes":""},"categories":[2],"tags":[106,109,12,107,105,108],"class_list":["post-353","post","type-post","status-publish","format-standard","has-post-thumbnail","hentry","category-ogrenmek","tag-analoji","tag-mit","tag-ogrenme","tag-pc","tag-steve-jobs","tag-teknoloji-2"],"_links":{"self":[{"href":"https:\/\/ogrenentip.com\/index.php?rest_route=\/wp\/v2\/posts\/353","targetHints":{"allow":["GET"]}}],"collection":[{"href":"https:\/\/ogrenentip.com\/index.php?rest_route=\/wp\/v2\/posts"}],"about":[{"href":"https:\/\/ogrenentip.com\/index.php?rest_route=\/wp\/v2\/types\/post"}],"author":[{"embeddable":true,"href":"https:\/\/ogrenentip.com\/index.php?rest_route=\/wp\/v2\/users\/1"}],"replies":[{"embeddable":true,"href":"https:\/\/ogrenentip.com\/index.php?rest_route=%2Fwp%2Fv2%2Fcomments&post=353"}],"version-history":[{"count":6,"href":"https:\/\/ogrenentip.com\/index.php?rest_route=\/wp\/v2\/posts\/353\/revisions"}],"predecessor-version":[{"id":426,"href":"https:\/\/ogrenentip.com\/index.php?rest_route=\/wp\/v2\/posts\/353\/revisions\/426"}],"wp:featuredmedia":[{"embeddable":true,"href":"https:\/\/ogrenentip.com\/index.php?rest_route=\/wp\/v2\/media\/356"}],"wp:attachment":[{"href":"https:\/\/ogrenentip.com\/index.php?rest_route=%2Fwp%2Fv2%2Fmedia&parent=353"}],"wp:term":[{"taxonomy":"category","embeddable":true,"href":"https:\/\/ogrenentip.com\/index.php?rest_route=%2Fwp%2Fv2%2Fcategories&post=353"},{"taxonomy":"post_tag","embeddable":true,"href":"https:\/\/ogrenentip.com\/index.php?rest_route=%2Fwp%2Fv2%2Ftags&post=353"}],"curies":[{"name":"wp","href":"https:\/\/api.w.org\/{rel}","templated":true}]}}