{"id":337,"date":"2022-07-30T17:39:00","date_gmt":"2022-07-30T17:39:00","guid":{"rendered":"https:\/\/ogrenentip.com\/?p=337"},"modified":"2022-08-07T11:27:06","modified_gmt":"2022-08-07T11:27:06","slug":"kisisellestirilmis-ogrenme","status":"publish","type":"post","link":"https:\/\/ogrenentip.com\/?p=337","title":{"rendered":"Ki\u015fiselle\u015ftirilmi\u015f \u00d6\u011frenme"},"content":{"rendered":"\n<p class=\"wp-block-paragraph\"><\/p>\n\n\n\n<p class=\"has-text-align-left wp-block-paragraph\">Hen\u00fcz \u00fczerinde hem fikir olunan tek bir tan\u0131m\u0131 olmasa da Ki\u015fisele\u015ftirilmi\u015f \u00d6\u011frenme son y\u0131llarda \u00fczerinde fazlaca konu\u015fulan bir konu. Ben de hem i\u015fim nedeniyle hem de ilgi alan\u0131ma giren bu konu hakk\u0131nda k\u0131sa bir ara\u015ft\u0131rma yapt\u0131m ve edindi\u011fim faydal\u0131 bilgileri payla\u015fmak istedim.<\/p>\n\n\n\n<p class=\"has-text-align-left wp-block-paragraph\">Tan\u0131m\u0131 konusunda dedi\u011fim gibi netlik olmasa da konu hakk\u0131nda hi\u00e7 fikri olmayan birisi bile son y\u0131llarda hayat\u0131m\u0131za daha da fazla giren \u201cki\u015fiselle\u015ftirme\u201d kavram\u0131ndan yola \u00e7\u0131karak konu hakk\u0131nda temel bir yarg\u0131ya varabilir. Asl\u0131nda ben de durumu \u00e7ok karma\u015f\u0131kla\u015ft\u0131rmadan b\u00f6yle ele alma taraftar\u0131y\u0131m. \u00c7ok basit olarak oda\u011f\u0131na \u00f6\u011freneni koyan ve \u00f6\u011frenme s\u00fcrecini ona g\u00f6re, iste\u011fine, bilgisine, seviyesine vb. g\u00f6re \u015fekillendirmeyi sa\u011flayan bir anlay\u0131\u015f olarak Ki\u015fiselle\u015ftirilmi\u015f \u00d6\u011frenme ku\u015fkusuz gelecekte daha da fazla g\u00fcndemde kalacak.<\/p>\n\n\n\n<p class=\"has-text-align-left wp-block-paragraph\">Hepimiz kendimizi \u00f6zel hissettiren, isteklerimize g\u00f6re uyarlanan ve farkl\u0131 olan hizmetler ve \u00fcr\u00fcnler ile uzun s\u00fcredir muhattab\u0131z. Bu durum ticari ama\u00e7lar ile \u00e7ok daha h\u0131zl\u0131 ilerledi, rekabette farkl\u0131la\u015fmak isteyen ve tercih edilen olma \u00e7abas\u0131 i\u00e7indeki markalar bu konuya yani ki\u015fisel dokunu\u015fa, tercih sunmaya ve \u00f6zel hissetirmeye odakland\u0131lar.<\/p>\n\n\n\n<p class=\"has-text-align-left wp-block-paragraph\">Bu durum hayat\u0131m\u0131zdaki farkl\u0131 alanlara da etki etti veya biz neden bu alanda ki\u015fiselle\u015ftirilmi\u015f bir \u00e7\u00f6z\u00fcm olam\u0131yor diye d\u00fc\u015f\u00fcn\u00fcr olduk, \u00e7ok klasik olan i\u015flemler, gerek g\u00f6r\u00fclmeyen veya b\u00f6yle bir alternatif olabilece\u011fi hayal edilmeyen hizmetler, \u015fekil de\u011fi\u015ftirmeye ve bize g\u00f6re adapte olmaya ba\u015flad\u0131, olmayanlar geride kald\u0131. Nedene gelirsek uzun yaz\u0131lar \u00e7\u0131kar ancak kan\u0131mca teknolojik geli\u015fmeler, ticari kayg\u0131lar, rekabet, toplumun teknolojiye yatk\u0131nl\u0131\u011f\u0131n\u0131n artmas\u0131 ve ula\u015f\u0131labilir hale gelen ve ucuzlayan dijital \u00e7\u00f6z\u00fcmler baz\u0131 temel belirleyiciler.<\/p>\n\n\n\n<p class=\"has-text-align-left wp-block-paragraph\">E\u011fitim de bu s\u00fcre\u00e7te nasibini al\u0131yor, zaten uzun s\u00fcredir de\u011fi\u015fim s\u00fcrecinde olan bu alan pandemi s\u00fcreci ile hepimiz gibi deneyimlemekten \u00e7ekinilen, teredd\u00fct edilen veya \u00f6nyarg\u0131l\u0131 olunan s\u00fcre\u00e7lerden ge\u00e7ti.&nbsp; \u201cKi\u015fiselle\u015ftirilmi\u015f \u00d6\u011frenme\u201d de bu s\u00fcre\u00e7ten daha \u00f6ncelere dayanan bir kavram olsa da bu d\u00f6nemde daha da g\u00fc\u00e7l\u00fc ye\u015ferece\u011fi bir ortam buldu.<\/p>\n\n\n\n<p class=\"has-text-align-left wp-block-paragraph\">Ki\u015fiselle\u015ftirilmi\u015f bir \u00f6\u011frenme deneyimi nas\u0131l olur diye d\u00fc\u015f\u00fcnd\u00fc\u011f\u00fcmde ara\u015ft\u0131rmalar\u0131mda farkl\u0131 \u015feyler ile kar\u015f\u0131la\u015fsam da en basit hali ile bir \u00f6\u011fretmenin s\u0131n\u0131ftaki her \u00f6\u011frencinin seviyesine g\u00f6re davranmas\u0131, zaman ihtiyac\u0131 olan \u00f6\u011frencileri ile et\u00fcd yapmas\u0131, h\u0131zl\u0131 ilerleyenlere daha ileri sorular sormas\u0131 asl\u0131nda i\u015fin temeli. Asl\u0131nda t\u00fcm i\u015f ba\u015fl\u0131klar\u0131nda \u00f6ne \u00e7\u0131kan ve y\u0131llar ge\u00e7se de modas\u0131 ge\u00e7meyecek kavramlar burada da \u00f6ne \u00e7\u0131k\u0131yor k\u0131saca hedef kitlenizi tan\u0131mak \u00f6nemli, neyi sever, nas\u0131l \u00f6\u011frenir, \u00e7abuk mu s\u0131k\u0131l\u0131r, oyun oynayarak m\u0131, okuyarak m\u0131 yoksa dinleyerek mi daha kolay anlar. Onu anlad\u0131k peki biz ne yapaca\u011f\u0131z ona neler sunaca\u011f\u0131z, o kadar i\u00e7eri\u011fimiz var m\u0131 varsa seviyeleri veya tercihe g\u00f6re uyarlanabilme durumlar\u0131 var m\u0131\u2026 b\u00f6yle devam ediyor.<\/p>\n\n\n\n<p class=\"has-text-align-left wp-block-paragraph\">As\u0131l olarak dijital \u00e7\u00f6z\u00fcmler s\u00fcrece h\u0131z katsa da ki\u015fiselle\u015ftirilmi\u015f \u00f6\u011frenme hem \u00e7ok basit hem \u00e7ok kar\u0131\u015f\u0131k olabilir. Siz daha derine indik\u00e7e i\u00e7ine yapay zeka, makine \u00f6\u011frenmesi girer hale gelebilir. Ancak temel mant\u0131k \u00f6\u011freneni tan\u0131, tecihini anla, alternatif sunabilecek durumda ol, ona se\u00e7im hakk\u0131 ver ve ona g\u00f6re deneyimini yap\u0131land\u0131r \u015feklinde \u00f6zetlenebilir.<\/p>\n\n\n\n<p class=\"has-text-align-left wp-block-paragraph\">Konu hakk\u0131nda ara\u015ft\u0131rmalar\u0131mda farkl\u0131 alanlarda ele al\u0131nan Ki\u015fiselle\u015ftirilmi\u015f \u00d6\u011frenme \u00e7al\u0131\u015fmalar\u0131na da denk geldim. Ancak bunlardan ilgimi en \u00e7ok \u00e7eken UNICEF taraf\u0131ndan yap\u0131lan \u00e7al\u0131\u015fmalar oldu. Bir tanesi e\u011fitim alan\u0131nda e\u015fit imkanlar\u0131 sunabilmeye odaklanan ve akademisyenlerin kat\u0131l\u0131m\u0131 ile haz\u0131rlanan bu konuyu da i\u00e7eren ancak \u00e7ok daha kapsaml\u0131 ve faydal\u0131 bir rapor, di\u011feri ise dijital ki\u015fiselle\u015ftirilmi\u015f \u00e7\u00f6z\u00fcmlerin \u00e7ocuklar\u0131n geli\u015fimine e\u015fit imkanlarla ula\u015fabilmelerine nas\u0131l katk\u0131 sa\u011flayabilece\u011fine odaklanan bir \u00e7al\u0131\u015fma. \u0130kisi hakk\u0131nda da ayr\u0131nt\u0131l\u0131 bilgi i\u00e7eren sayfa ve raporlara a\u015fa\u011f\u0131da yer veriyorum<\/p>\n\n\n\n<p class=\"has-text-align-left wp-block-paragraph\">Ki\u015fiselle\u015ftirilmi\u015f \u00d6\u011frenme i\u00e7in alacak \u00e7ok yolumuz var ancak gelecek umut vaat ediyor ve her alanda daha \u00f6zel bir \u00f6\u011frenme deneyiminin bizi bekledi\u011fi kesin.<\/p>\n\n\n\n<p class=\"has-text-align-left wp-block-paragraph\">UNICEF &#8211; The International Science and Evidence based Education (ISEE) Assessment &#8211; <a href=\"https:\/\/mgiep.unesco.org\/iseea\" target=\"_blank\" rel=\"noreferrer noopener\">https:\/\/mgiep.unesco.org\/iseea<\/a><\/p>\n\n\n\n<p class=\"has-text-align-left wp-block-paragraph\">Rapor sayfas\u0131: <a href=\"https:\/\/mgiep.unesco.org\/iseeareport\" target=\"_blank\" rel=\"noreferrer noopener\">https:\/\/mgiep.unesco.org\/iseeareport<\/a><\/p>\n\n\n\n<p class=\"has-text-align-left wp-block-paragraph\">Ki\u015fisel \u00d6\u011frenme \u2013UNICEF ara\u015ft\u0131rma sayfas\u0131: <a href=\"https:\/\/www.unicef.org\/globalinsight\/personalized-learning\" target=\"_blank\" rel=\"noreferrer noopener\">https:\/\/www.unicef.org\/globalinsight\/personalized-learning<\/a> Rapor sayfas\u0131: <a href=\"https:\/\/www.unicef.org\/globalinsight\/reports\/trends-digital-personalized-learning\">https:\/\/www.unicef.org\/globalinsight\/reports\/trends-digital-personalized-learning<\/a><\/p>\n\n\n\n<p class=\"has-text-align-left wp-block-paragraph\">Kapak resmi referans: <a href=\"https:\/\/www.freepik.com\/vectors\/business\">Business vector created by upklyak &#8211; www.freepik.com<\/a><\/p>\n","protected":false},"excerpt":{"rendered":"<p>Hen\u00fcz \u00fczerinde hem fikir olunan tek bir tan\u0131m\u0131 olmasa da Ki\u015fisele\u015ftirilmi\u015f \u00d6\u011frenme son y\u0131llarda \u00fczerinde fazlaca konu\u015fulan bir konu. Ben de hem i\u015fim nedeniyle hem de ilgi alan\u0131ma giren bu konu hakk\u0131nda k\u0131sa bir ara\u015ft\u0131rma yapt\u0131m ve edindi\u011fim faydal\u0131 bilgileri payla\u015fmak istedim. Tan\u0131m\u0131 konusunda dedi\u011fim gibi netlik olmasa da konu hakk\u0131nda hi\u00e7 fikri olmayan birisi &hellip; <a href=\"https:\/\/ogrenentip.com\/?p=337\" class=\"more-link\">Okumaya devam et <span class=\"screen-reader-text\">Ki\u015fiselle\u015ftirilmi\u015f \u00d6\u011frenme<\/span><\/a><\/p>\n","protected":false},"author":1,"featured_media":341,"comment_status":"open","ping_status":"open","sticky":true,"template":"","format":"standard","meta":{"footnotes":""},"categories":[2],"tags":[93,94,96,12,97,95],"class_list":["post-337","post","type-post","status-publish","format-standard","has-post-thumbnail","hentry","category-ogrenmek","tag-kisisel","tag-kisisellestirilmis","tag-learning","tag-ogrenme","tag-personal","tag-personalised-learning"],"_links":{"self":[{"href":"https:\/\/ogrenentip.com\/index.php?rest_route=\/wp\/v2\/posts\/337","targetHints":{"allow":["GET"]}}],"collection":[{"href":"https:\/\/ogrenentip.com\/index.php?rest_route=\/wp\/v2\/posts"}],"about":[{"href":"https:\/\/ogrenentip.com\/index.php?rest_route=\/wp\/v2\/types\/post"}],"author":[{"embeddable":true,"href":"https:\/\/ogrenentip.com\/index.php?rest_route=\/wp\/v2\/users\/1"}],"replies":[{"embeddable":true,"href":"https:\/\/ogrenentip.com\/index.php?rest_route=%2Fwp%2Fv2%2Fcomments&post=337"}],"version-history":[{"count":2,"href":"https:\/\/ogrenentip.com\/index.php?rest_route=\/wp\/v2\/posts\/337\/revisions"}],"predecessor-version":[{"id":342,"href":"https:\/\/ogrenentip.com\/index.php?rest_route=\/wp\/v2\/posts\/337\/revisions\/342"}],"wp:featuredmedia":[{"embeddable":true,"href":"https:\/\/ogrenentip.com\/index.php?rest_route=\/wp\/v2\/media\/341"}],"wp:attachment":[{"href":"https:\/\/ogrenentip.com\/index.php?rest_route=%2Fwp%2Fv2%2Fmedia&parent=337"}],"wp:term":[{"taxonomy":"category","embeddable":true,"href":"https:\/\/ogrenentip.com\/index.php?rest_route=%2Fwp%2Fv2%2Fcategories&post=337"},{"taxonomy":"post_tag","embeddable":true,"href":"https:\/\/ogrenentip.com\/index.php?rest_route=%2Fwp%2Fv2%2Ftags&post=337"}],"curies":[{"name":"wp","href":"https:\/\/api.w.org\/{rel}","templated":true}]}}